{"id":175,"date":"2007-11-19T14:04:14","date_gmt":"2007-11-19T13:04:14","guid":{"rendered":"http:\/\/blog.chaigne.lamoureux.homeip.net\/?p=175"},"modified":"2009-12-13T19:15:31","modified_gmt":"2009-12-13T18:15:31","slug":"le-pampaillet-reunit-lequipe-autour-dun-repas-convivial","status":"publish","type":"post","link":"https:\/\/www.chaigne.fr\/blog\/175-le-pampaillet-reunit-lequipe-autour-dun-repas-convivial","title":{"rendered":"Le pampaillet r\u00e9unit l&rsquo;\u00e9quipe autour d&rsquo;un repas convivial"},"content":{"rendered":"<div style=\"padding-bottom: 20px;\"><strong>Le \u00ab\u00a0pampaillet\u00a0\u00bb<\/strong> (ou gerbaude, gerbebaude) est la f\u00eate qui cl\u00f4ture la fin de la moisson. Par extension, le vigneron f\u00eate pampaillet \u00e0 la fin des vendanges.<a href=\"http:\/\/www.chaigne.fr\/public\/articles\/2007\/11\/repas-pampaillet-feuilles-acanthe.jpg\"><img decoding=\"async\" src=\"\/ballan\/images\/novembre2007\/repas-pampaillet-feuilles-acanthe.jpg\" alt=\"\" width=\"500\" height=\"auto\" \/><\/a><\/p>\n<p>C&rsquo;est hier, avec un peu de retard car les vendanges sont finies depuis plus d&rsquo;un mois, que l&rsquo;\u00e9quipe s&rsquo;est r\u00e9unie autour d&rsquo;un repas convivial au <a hreflang=\"fr\" href=\"http:\/\/www.feuilles-dacanthe.com\/\">restaurant \u00ab\u00a0Le Pampaillet\u00a0\u00bb \u00e0 Saint Macaire<\/a>. Ce petit restaurant est celui de l&rsquo;h\u00f4tel \u00ab\u00a0Les feuilles d&rsquo;Acanthe\u00a0\u00bb, une halte \u00e0 recommander si vous voyagez dans la r\u00e9gion, accueil sympathique garanti.<\/p>\n<p>Merci \u00e0 toute l&rsquo;\u00e9quipe qui a permis \u00e0 la r\u00e9colte 2007 de se d\u00e9rouler dans de bonnes conditions.<\/p>\n<p>De gauche \u00e0 droite sur la photo St\u00e9phane, Guillaume et Ida ; \u00e9taient \u00e9galement pr\u00e9sents YunHai, El\u00e9onore, et mes parents retrait\u00e9s R\u00e9gine et Jean-Claude qui apportent encore une aide pr\u00e9cieuse.<\/p><\/div>\n","protected":false},"excerpt":{"rendered":"<p>Le \u00ab\u00a0pampaillet\u00a0\u00bb (ou gerbaude, gerbebaude) est la f\u00eate qui cl\u00f4ture la fin de la moisson. Par extension, le vigneron f\u00eate pampaillet \u00e0 la fin des vendanges. C&rsquo;est hier, avec un peu de retard car les vendanges sont finies depuis plus d&rsquo;un mois, que l&rsquo;\u00e9quipe s&rsquo;est r\u00e9unie autour d&rsquo;un repas convivial au restaurant \u00ab\u00a0Le Pampaillet\u00a0\u00bb \u00e0 [&hellip;]<\/p>\n","protected":false},"author":28,"featured_media":0,"comment_status":"open","ping_status":"open","sticky":false,"template":"","format":"standard","meta":{"footnotes":""},"categories":[3],"tags":[],"yoast_head":"<!-- This site is optimized with the Yoast SEO Premium plugin v20.8 (Yoast SEO v21.9.1) - https:\/\/yoast.com\/wordpress\/plugins\/seo\/ -->\n<title>Le pampaillet r\u00e9unit l&#039;\u00e9quipe autour d&#039;un repas convivial - Br\u00e8ves de Ballan<\/title>\n<meta name=\"robots\" content=\"index, follow, max-snippet:-1, max-image-preview:large, max-video-preview:-1\" \/>\n<link rel=\"canonical\" href=\"https:\/\/www.chaigne.fr\/blog\/175-le-pampaillet-reunit-lequipe-autour-dun-repas-convivial\" \/>\n<meta property=\"og:locale\" content=\"fr_FR\" \/>\n<meta property=\"og:type\" content=\"article\" \/>\n<meta property=\"og:title\" content=\"Le pampaillet r\u00e9unit l&#039;\u00e9quipe autour d&#039;un repas convivial\" \/>\n<meta property=\"og:description\" content=\"Le \u00ab\u00a0pampaillet\u00a0\u00bb (ou gerbaude, gerbebaude) est la f\u00eate qui cl\u00f4ture la fin de la moisson. Par extension, le vigneron f\u00eate pampaillet \u00e0 la fin des vendanges. C&rsquo;est hier, avec un peu de retard car les vendanges sont finies depuis plus d&rsquo;un mois, que l&rsquo;\u00e9quipe s&rsquo;est r\u00e9unie autour d&rsquo;un repas convivial au restaurant \u00ab\u00a0Le Pampaillet\u00a0\u00bb \u00e0 [&hellip;]\" \/>\n<meta property=\"og:url\" content=\"https:\/\/www.chaigne.fr\/blog\/175-le-pampaillet-reunit-lequipe-autour-dun-repas-convivial\" \/>\n<meta property=\"og:site_name\" content=\"Br\u00e8ves de Ballan\" \/>\n<meta property=\"article:publisher\" content=\"https:\/\/www.facebook.com\/vignobles.chaigne\/\" \/>\n<meta property=\"article:published_time\" content=\"2007-11-19T13:04:14+00:00\" \/>\n<meta property=\"article:modified_time\" content=\"2009-12-13T18:15:31+00:00\" \/>\n<meta name=\"author\" content=\"R\u00e9gis Chaigne\" \/>\n<meta name=\"twitter:card\" content=\"summary_large_image\" \/>\n<meta name=\"twitter:creator\" content=\"@rchbx\" \/>\n<meta name=\"twitter:site\" content=\"@rchbx\" \/>\n<meta name=\"twitter:label1\" content=\"\u00c9crit par\" \/>\n\t<meta name=\"twitter:data1\" content=\"R\u00e9gis Chaigne\" \/>\n\t<meta name=\"twitter:label2\" content=\"Dur\u00e9e de lecture estim\u00e9e\" \/>\n\t<meta name=\"twitter:data2\" content=\"1 minute\" \/>\n<script type=\"application\/ld+json\" class=\"yoast-schema-graph\">{\"@context\":\"https:\/\/schema.org\",\"@graph\":[{\"@type\":\"Article\",\"@id\":\"https:\/\/www.chaigne.fr\/blog\/175-le-pampaillet-reunit-lequipe-autour-dun-repas-convivial#article\",\"isPartOf\":{\"@id\":\"https:\/\/www.chaigne.fr\/blog\/175-le-pampaillet-reunit-lequipe-autour-dun-repas-convivial\"},\"author\":{\"name\":\"R\u00e9gis Chaigne\",\"@id\":\"https:\/\/www.chaigne.fr\/blog\/#\/schema\/person\/644bfb40d75f7236e7b5b6113b8fa91d\"},\"headline\":\"Le pampaillet r\u00e9unit l&rsquo;\u00e9quipe autour d&rsquo;un repas convivial\",\"datePublished\":\"2007-11-19T13:04:14+00:00\",\"dateModified\":\"2009-12-13T18:15:31+00:00\",\"mainEntityOfPage\":{\"@id\":\"https:\/\/www.chaigne.fr\/blog\/175-le-pampaillet-reunit-lequipe-autour-dun-repas-convivial\"},\"wordCount\":146,\"commentCount\":0,\"publisher\":{\"@id\":\"https:\/\/www.chaigne.fr\/blog\/#organization\"},\"articleSection\":[\"G\u00e9n\u00e9ral\"],\"inLanguage\":\"fr-FR\",\"potentialAction\":[{\"@type\":\"CommentAction\",\"name\":\"Comment\",\"target\":[\"https:\/\/www.chaigne.fr\/blog\/175-le-pampaillet-reunit-lequipe-autour-dun-repas-convivial#respond\"]}]},{\"@type\":\"WebPage\",\"@id\":\"https:\/\/www.chaigne.fr\/blog\/175-le-pampaillet-reunit-lequipe-autour-dun-repas-convivial\",\"url\":\"https:\/\/www.chaigne.fr\/blog\/175-le-pampaillet-reunit-lequipe-autour-dun-repas-convivial\",\"name\":\"Le pampaillet r\u00e9unit l'\u00e9quipe autour d'un repas convivial - Br\u00e8ves de Ballan\",\"isPartOf\":{\"@id\":\"https:\/\/www.chaigne.fr\/blog\/#website\"},\"datePublished\":\"2007-11-19T13:04:14+00:00\",\"dateModified\":\"2009-12-13T18:15:31+00:00\",\"breadcrumb\":{\"@id\":\"https:\/\/www.chaigne.fr\/blog\/175-le-pampaillet-reunit-lequipe-autour-dun-repas-convivial#breadcrumb\"},\"inLanguage\":\"fr-FR\",\"potentialAction\":[{\"@type\":\"ReadAction\",\"target\":[\"https:\/\/www.chaigne.fr\/blog\/175-le-pampaillet-reunit-lequipe-autour-dun-repas-convivial\"]}]},{\"@type\":\"BreadcrumbList\",\"@id\":\"https:\/\/www.chaigne.fr\/blog\/175-le-pampaillet-reunit-lequipe-autour-dun-repas-convivial#breadcrumb\",\"itemListElement\":[{\"@type\":\"ListItem\",\"position\":1,\"name\":\"Accueil\",\"item\":\"https:\/\/www.chaigne.fr\/blog\/7-l-equipe-de-vignobles-chaigne-et-fils\"},{\"@type\":\"ListItem\",\"position\":2,\"name\":\"Le pampaillet r\u00e9unit l&rsquo;\u00e9quipe autour d&rsquo;un repas convivial\"}]},{\"@type\":\"WebSite\",\"@id\":\"https:\/\/www.chaigne.fr\/blog\/#website\",\"url\":\"https:\/\/www.chaigne.fr\/blog\/\",\"name\":\"Br\u00e8ves de Ballan\",\"description\":\"Le blog vigneron de R\u00e9gis Chaigne\",\"publisher\":{\"@id\":\"https:\/\/www.chaigne.fr\/blog\/#organization\"},\"potentialAction\":[{\"@type\":\"SearchAction\",\"target\":{\"@type\":\"EntryPoint\",\"urlTemplate\":\"https:\/\/www.chaigne.fr\/blog\/?s={search_term_string}\"},\"query-input\":\"required name=search_term_string\"}],\"inLanguage\":\"fr-FR\"},{\"@type\":\"Organization\",\"@id\":\"https:\/\/www.chaigne.fr\/blog\/#organization\",\"name\":\"Br\u00e8ves de Ballan\",\"url\":\"https:\/\/www.chaigne.fr\/blog\/\",\"logo\":{\"@type\":\"ImageObject\",\"inLanguage\":\"fr-FR\",\"@id\":\"https:\/\/www.chaigne.fr\/blog\/#\/schema\/logo\/image\/\",\"url\":\"https:\/\/www.chaigne.fr\/blog\/blog\/wp-content\/uploads\/2024\/02\/LogoChaigneGrd.png\",\"contentUrl\":\"https:\/\/www.chaigne.fr\/blog\/blog\/wp-content\/uploads\/2024\/02\/LogoChaigneGrd.png\",\"width\":791,\"height\":373,\"caption\":\"Br\u00e8ves de Ballan\"},\"image\":{\"@id\":\"https:\/\/www.chaigne.fr\/blog\/#\/schema\/logo\/image\/\"},\"sameAs\":[\"https:\/\/www.facebook.com\/vignobles.chaigne\/\",\"https:\/\/twitter.com\/rchbx\"]},{\"@type\":\"Person\",\"@id\":\"https:\/\/www.chaigne.fr\/blog\/#\/schema\/person\/644bfb40d75f7236e7b5b6113b8fa91d\",\"name\":\"R\u00e9gis Chaigne\",\"image\":{\"@type\":\"ImageObject\",\"inLanguage\":\"fr-FR\",\"@id\":\"https:\/\/www.chaigne.fr\/blog\/#\/schema\/person\/image\/\",\"url\":\"https:\/\/secure.gravatar.com\/avatar\/0870596580f5a34be89b95b368e1a531?s=96&d=mm&r=g\",\"contentUrl\":\"https:\/\/secure.gravatar.com\/avatar\/0870596580f5a34be89b95b368e1a531?s=96&d=mm&r=g\",\"caption\":\"R\u00e9gis Chaigne\"},\"sameAs\":[\"http:\/\/www.chaigne.fr\"],\"url\":\"https:\/\/www.chaigne.fr\/blog\/author\/rchbx-viti\"}]}<\/script>\n<!-- \/ Yoast SEO Premium plugin. -->","yoast_head_json":{"title":"Le pampaillet r\u00e9unit l'\u00e9quipe autour d'un repas convivial - Br\u00e8ves de Ballan","robots":{"index":"index","follow":"follow","max-snippet":"max-snippet:-1","max-image-preview":"max-image-preview:large","max-video-preview":"max-video-preview:-1"},"canonical":"https:\/\/www.chaigne.fr\/blog\/175-le-pampaillet-reunit-lequipe-autour-dun-repas-convivial","og_locale":"fr_FR","og_type":"article","og_title":"Le pampaillet r\u00e9unit l'\u00e9quipe autour d'un repas convivial","og_description":"Le \u00ab\u00a0pampaillet\u00a0\u00bb (ou gerbaude, gerbebaude) est la f\u00eate qui cl\u00f4ture la fin de la moisson. Par extension, le vigneron f\u00eate pampaillet \u00e0 la fin des vendanges. C&rsquo;est hier, avec un peu de retard car les vendanges sont finies depuis plus d&rsquo;un mois, que l&rsquo;\u00e9quipe s&rsquo;est r\u00e9unie autour d&rsquo;un repas convivial au restaurant \u00ab\u00a0Le Pampaillet\u00a0\u00bb \u00e0 [&hellip;]","og_url":"https:\/\/www.chaigne.fr\/blog\/175-le-pampaillet-reunit-lequipe-autour-dun-repas-convivial","og_site_name":"Br\u00e8ves de Ballan","article_publisher":"https:\/\/www.facebook.com\/vignobles.chaigne\/","article_published_time":"2007-11-19T13:04:14+00:00","article_modified_time":"2009-12-13T18:15:31+00:00","author":"R\u00e9gis Chaigne","twitter_card":"summary_large_image","twitter_creator":"@rchbx","twitter_site":"@rchbx","twitter_misc":{"\u00c9crit par":"R\u00e9gis Chaigne","Dur\u00e9e de lecture estim\u00e9e":"1 minute"},"schema":{"@context":"https:\/\/schema.org","@graph":[{"@type":"Article","@id":"https:\/\/www.chaigne.fr\/blog\/175-le-pampaillet-reunit-lequipe-autour-dun-repas-convivial#article","isPartOf":{"@id":"https:\/\/www.chaigne.fr\/blog\/175-le-pampaillet-reunit-lequipe-autour-dun-repas-convivial"},"author":{"name":"R\u00e9gis Chaigne","@id":"https:\/\/www.chaigne.fr\/blog\/#\/schema\/person\/644bfb40d75f7236e7b5b6113b8fa91d"},"headline":"Le pampaillet r\u00e9unit l&rsquo;\u00e9quipe autour d&rsquo;un repas convivial","datePublished":"2007-11-19T13:04:14+00:00","dateModified":"2009-12-13T18:15:31+00:00","mainEntityOfPage":{"@id":"https:\/\/www.chaigne.fr\/blog\/175-le-pampaillet-reunit-lequipe-autour-dun-repas-convivial"},"wordCount":146,"commentCount":0,"publisher":{"@id":"https:\/\/www.chaigne.fr\/blog\/#organization"},"articleSection":["G\u00e9n\u00e9ral"],"inLanguage":"fr-FR","potentialAction":[{"@type":"CommentAction","name":"Comment","target":["https:\/\/www.chaigne.fr\/blog\/175-le-pampaillet-reunit-lequipe-autour-dun-repas-convivial#respond"]}]},{"@type":"WebPage","@id":"https:\/\/www.chaigne.fr\/blog\/175-le-pampaillet-reunit-lequipe-autour-dun-repas-convivial","url":"https:\/\/www.chaigne.fr\/blog\/175-le-pampaillet-reunit-lequipe-autour-dun-repas-convivial","name":"Le pampaillet r\u00e9unit l'\u00e9quipe autour d'un repas convivial - Br\u00e8ves de Ballan","isPartOf":{"@id":"https:\/\/www.chaigne.fr\/blog\/#website"},"datePublished":"2007-11-19T13:04:14+00:00","dateModified":"2009-12-13T18:15:31+00:00","breadcrumb":{"@id":"https:\/\/www.chaigne.fr\/blog\/175-le-pampaillet-reunit-lequipe-autour-dun-repas-convivial#breadcrumb"},"inLanguage":"fr-FR","potentialAction":[{"@type":"ReadAction","target":["https:\/\/www.chaigne.fr\/blog\/175-le-pampaillet-reunit-lequipe-autour-dun-repas-convivial"]}]},{"@type":"BreadcrumbList","@id":"https:\/\/www.chaigne.fr\/blog\/175-le-pampaillet-reunit-lequipe-autour-dun-repas-convivial#breadcrumb","itemListElement":[{"@type":"ListItem","position":1,"name":"Accueil","item":"https:\/\/www.chaigne.fr\/blog\/7-l-equipe-de-vignobles-chaigne-et-fils"},{"@type":"ListItem","position":2,"name":"Le pampaillet r\u00e9unit l&rsquo;\u00e9quipe autour d&rsquo;un repas convivial"}]},{"@type":"WebSite","@id":"https:\/\/www.chaigne.fr\/blog\/#website","url":"https:\/\/www.chaigne.fr\/blog\/","name":"Br\u00e8ves de Ballan","description":"Le blog vigneron de R\u00e9gis Chaigne","publisher":{"@id":"https:\/\/www.chaigne.fr\/blog\/#organization"},"potentialAction":[{"@type":"SearchAction","target":{"@type":"EntryPoint","urlTemplate":"https:\/\/www.chaigne.fr\/blog\/?s={search_term_string}"},"query-input":"required name=search_term_string"}],"inLanguage":"fr-FR"},{"@type":"Organization","@id":"https:\/\/www.chaigne.fr\/blog\/#organization","name":"Br\u00e8ves de Ballan","url":"https:\/\/www.chaigne.fr\/blog\/","logo":{"@type":"ImageObject","inLanguage":"fr-FR","@id":"https:\/\/www.chaigne.fr\/blog\/#\/schema\/logo\/image\/","url":"https:\/\/www.chaigne.fr\/blog\/blog\/wp-content\/uploads\/2024\/02\/LogoChaigneGrd.png","contentUrl":"https:\/\/www.chaigne.fr\/blog\/blog\/wp-content\/uploads\/2024\/02\/LogoChaigneGrd.png","width":791,"height":373,"caption":"Br\u00e8ves de Ballan"},"image":{"@id":"https:\/\/www.chaigne.fr\/blog\/#\/schema\/logo\/image\/"},"sameAs":["https:\/\/www.facebook.com\/vignobles.chaigne\/","https:\/\/twitter.com\/rchbx"]},{"@type":"Person","@id":"https:\/\/www.chaigne.fr\/blog\/#\/schema\/person\/644bfb40d75f7236e7b5b6113b8fa91d","name":"R\u00e9gis Chaigne","image":{"@type":"ImageObject","inLanguage":"fr-FR","@id":"https:\/\/www.chaigne.fr\/blog\/#\/schema\/person\/image\/","url":"https:\/\/secure.gravatar.com\/avatar\/0870596580f5a34be89b95b368e1a531?s=96&d=mm&r=g","contentUrl":"https:\/\/secure.gravatar.com\/avatar\/0870596580f5a34be89b95b368e1a531?s=96&d=mm&r=g","caption":"R\u00e9gis Chaigne"},"sameAs":["http:\/\/www.chaigne.fr"],"url":"https:\/\/www.chaigne.fr\/blog\/author\/rchbx-viti"}]}},"_links":{"self":[{"href":"https:\/\/www.chaigne.fr\/blog\/wp-json\/wp\/v2\/posts\/175"}],"collection":[{"href":"https:\/\/www.chaigne.fr\/blog\/wp-json\/wp\/v2\/posts"}],"about":[{"href":"https:\/\/www.chaigne.fr\/blog\/wp-json\/wp\/v2\/types\/post"}],"author":[{"embeddable":true,"href":"https:\/\/www.chaigne.fr\/blog\/wp-json\/wp\/v2\/users\/28"}],"replies":[{"embeddable":true,"href":"https:\/\/www.chaigne.fr\/blog\/wp-json\/wp\/v2\/comments?post=175"}],"version-history":[{"count":3,"href":"https:\/\/www.chaigne.fr\/blog\/wp-json\/wp\/v2\/posts\/175\/revisions"}],"predecessor-version":[{"id":252,"href":"https:\/\/www.chaigne.fr\/blog\/wp-json\/wp\/v2\/posts\/175\/revisions\/252"}],"wp:attachment":[{"href":"https:\/\/www.chaigne.fr\/blog\/wp-json\/wp\/v2\/media?parent=175"}],"wp:term":[{"taxonomy":"category","embeddable":true,"href":"https:\/\/www.chaigne.fr\/blog\/wp-json\/wp\/v2\/categories?post=175"},{"taxonomy":"post_tag","embeddable":true,"href":"https:\/\/www.chaigne.fr\/blog\/wp-json\/wp\/v2\/tags?post=175"}],"curies":[{"name":"wp","href":"https:\/\/api.w.org\/{rel}","templated":true}]}}