{"id":232,"date":"2009-12-12T13:02:25","date_gmt":"2009-12-12T12:02:25","guid":{"rendered":"http:\/\/www.chaigne.fr\/blog\/?p=232"},"modified":"2009-12-12T13:09:25","modified_gmt":"2009-12-12T12:09:25","slug":"grace-a-une-incroyable-fenetre-meteo-une-magnifique-fete-a-andernos-les-bains","status":"publish","type":"post","link":"https:\/\/www.chaigne.fr\/blog\/232-grace-a-une-incroyable-fenetre-meteo-une-magnifique-fete-a-andernos-les-bains","title":{"rendered":"Gr\u00e2ce \u00e0 une incroyable fen\u00eatre m\u00e9t\u00e9o, une magnifique f\u00eate \u00e0 Andernos les Bains !"},"content":{"rendered":"<p>Toute la semaine qui a pr\u00e9c\u00e9d\u00e9, un temps pluvieux et vent\u00e9 nous a fortement inqui\u00e9t\u00e9s.<\/p>\n<p>Par chance, nous avons b\u00e9n\u00e9fici\u00e9 d&rsquo;un ciel cl\u00e9ment, id\u00e9al pour la premi\u00e8re \u00e9dition de Cabanes en f\u00eates, Huitres et Entre-Deux-Mers le samedi 5 d\u00e9cembre 2009 .<\/p>\n<figure id=\"attachment_235\" aria-describedby=\"caption-attachment-235\" style=\"width: 800px\" class=\"wp-caption alignnone\"><img loading=\"lazy\" decoding=\"async\" class=\"size-full wp-image-235\" title=\"degustation-huitres-entre-deux-mers-cabane\" src=\"http:\/\/www.chaigne.fr\/blog\/blog\/wp-content\/uploads\/2009\/12\/degustation-huitres-entre-deux-mers-cabane.jpg\" alt=\"Un moment de convivialit\u00e9 : d\u00e9gustation d'hu\u00eetres et d'Entre-deux-Mers\" width=\"800\" height=\"584\" srcset=\"https:\/\/www.chaigne.fr\/blog\/blog\/wp-content\/uploads\/2009\/12\/degustation-huitres-entre-deux-mers-cabane.jpg 800w, https:\/\/www.chaigne.fr\/blog\/blog\/wp-content\/uploads\/2009\/12\/degustation-huitres-entre-deux-mers-cabane-300x219.jpg 300w\" sizes=\"(max-width: 800px) 100vw, 800px\" \/><figcaption id=\"caption-attachment-235\" class=\"wp-caption-text\">Un moment de convivialit\u00e9 : d\u00e9gustation d&#39;hu\u00eetres et d&#39;Entre-deux-Mers<\/figcaption><\/figure>\n<p><strong>Un grand merci \u00e0 tous les acteurs<\/strong> qui ont abouti \u00e0 cette grande f\u00eate populaire, qui restera dans les m\u00e9moires :<!--more--><\/p>\n<ul>\n<li><strong>le comit\u00e9 des f\u00eates d&rsquo;Andernos<\/strong> et ses b\u00e9n\u00e9voles, \u00e0 l&rsquo;origine de l&rsquo;id\u00e9e de cette f\u00eate hivernale,<\/li>\n<li><strong>les dirigeants du syndicat de l&rsquo;Entre-deux-Mers<\/strong> ont su concr\u00e9tiser ce partenariat,<\/li>\n<li>une mention toute sp\u00e9ciale \u00e0 <strong>Carole<\/strong>, directrice du syndicat, a d\u00e9ploy\u00e9 une grosse \u00e9nergie pour nous mobiliser,<\/li>\n<li><strong>les p\u00eacheurs et ostr\u00e9iculteurs<\/strong> ont pr\u00e9par\u00e9 leurs cabanes pour accueillir public, restaurateurs, artistes et vignerons,<\/li>\n<li><strong>les chefs cuisiniers<\/strong> ont rivalis\u00e9 d&rsquo;imagination pour nous proposer des tapas originales et d\u00e9licieuses (un samedi&#8230;),<\/li>\n<li><strong>les artistes<\/strong>, leurs oeuvres<\/li>\n<li><strong>mes coll\u00e8gues vignerons<\/strong> de l&rsquo;Entre-deux-Mers, mobilis\u00e9s en masse, ce n&rsquo;est pas courant,<\/li>\n<li><strong>le public<\/strong> a r\u00e9pondu massivement pr\u00e9sent,<\/li>\n<li><strong>les m\u00e9dias<\/strong> ont largement relay\u00e9 l&rsquo;information, par exemple cet article paru dans Sud-Ouest<\/li>\n<\/ul>\n<p>Pardon \u00e0 ceux que j&rsquo;oublie.<\/p>\n<p>Nous avons tous pass\u00e9 un excellent moment de convivialit\u00e9.<\/p>\n<p>De mani\u00e8re tr\u00e8s pragmatique, pour notre belle appellation \u00ab\u00a0Entre-deux-Mers\u00a0\u00bb, cette op\u00e9ration, qui se poursuivra en 2010 et 2011 au moins, est une excellente vitrine.<\/p>\n<p>Sur un territoire pourtant tr\u00e8s proche de nos terroirs, notre image n&rsquo;est pas toujours \u00e0 la hauteur de la qualit\u00e9 de nos vins.<br \/>\nCette f\u00eate a permis aux gastronomes pr\u00e9sents de red\u00e9couvrir notre appellation, aux vignerons de nouer de nouveaux partenariats commerciaux des restaurateurs de la r\u00e9gion.<\/p>\n<p>Que du bonheur !<\/p>\n<p>Rendez-vous en d\u00e9cembre 2010 pour la deuxi\u00e8me \u00e9dition de Cabanes en f\u00eates, Huitres et Entre-Deux-Mers !<\/p>\n<figure id=\"attachment_238\" aria-describedby=\"caption-attachment-238\" style=\"width: 800px\" class=\"wp-caption alignnone\"><img loading=\"lazy\" decoding=\"async\" class=\"size-full wp-image-238\" title=\"artiste-fete-cabane-huitre-entre-deux-mers\" src=\"http:\/\/www.chaigne.fr\/blog\/blog\/wp-content\/uploads\/2009\/12\/artiste-fete-cabane-huitre-entre-deux-mers1.jpg\" alt=\"Un artiste local expose ses oeuvres\" width=\"800\" height=\"715\" srcset=\"https:\/\/www.chaigne.fr\/blog\/blog\/wp-content\/uploads\/2009\/12\/artiste-fete-cabane-huitre-entre-deux-mers1.jpg 800w, https:\/\/www.chaigne.fr\/blog\/blog\/wp-content\/uploads\/2009\/12\/artiste-fete-cabane-huitre-entre-deux-mers1-300x268.jpg 300w\" sizes=\"(max-width: 800px) 100vw, 800px\" \/><figcaption id=\"caption-attachment-238\" class=\"wp-caption-text\">Un artiste local expose ses oeuvres<\/figcaption><\/figure>\n","protected":false},"excerpt":{"rendered":"<p>Toute la semaine qui a pr\u00e9c\u00e9d\u00e9, un temps pluvieux et vent\u00e9 nous a fortement inqui\u00e9t\u00e9s. Par chance, nous avons b\u00e9n\u00e9fici\u00e9 d&rsquo;un ciel cl\u00e9ment, id\u00e9al pour la premi\u00e8re \u00e9dition de Cabanes en f\u00eates, Huitres et Entre-Deux-Mers le samedi 5 d\u00e9cembre 2009 . Un grand merci \u00e0 tous les acteurs qui ont abouti \u00e0 cette grande f\u00eate [&hellip;]<\/p>\n","protected":false},"author":28,"featured_media":0,"comment_status":"open","ping_status":"open","sticky":false,"template":"","format":"standard","meta":{"footnotes":""},"categories":[5],"tags":[28,27,22,24,20,21,23,26,25],"yoast_head":"<!-- This site is optimized with the Yoast SEO Premium plugin v20.8 (Yoast SEO v21.9.1) - https:\/\/yoast.com\/wordpress\/plugins\/seo\/ -->\n<title>Gr\u00e2ce \u00e0 une incroyable fen\u00eatre m\u00e9t\u00e9o, une magnifique f\u00eate \u00e0 Andernos les Bains ! - Br\u00e8ves de Ballan<\/title>\n<meta name=\"robots\" content=\"index, follow, max-snippet:-1, max-image-preview:large, max-video-preview:-1\" \/>\n<link rel=\"canonical\" href=\"https:\/\/www.chaigne.fr\/blog\/232-grace-a-une-incroyable-fenetre-meteo-une-magnifique-fete-a-andernos-les-bains\" \/>\n<meta property=\"og:locale\" content=\"fr_FR\" \/>\n<meta property=\"og:type\" content=\"article\" \/>\n<meta property=\"og:title\" content=\"Gr\u00e2ce \u00e0 une incroyable fen\u00eatre m\u00e9t\u00e9o, une magnifique f\u00eate \u00e0 Andernos les Bains !\" \/>\n<meta property=\"og:description\" content=\"Toute la semaine qui a pr\u00e9c\u00e9d\u00e9, un temps pluvieux et vent\u00e9 nous a fortement inqui\u00e9t\u00e9s. Par chance, nous avons b\u00e9n\u00e9fici\u00e9 d&rsquo;un ciel cl\u00e9ment, id\u00e9al pour la premi\u00e8re \u00e9dition de Cabanes en f\u00eates, Huitres et Entre-Deux-Mers le samedi 5 d\u00e9cembre 2009 . Un grand merci \u00e0 tous les acteurs qui ont abouti \u00e0 cette grande f\u00eate [&hellip;]\" \/>\n<meta property=\"og:url\" content=\"https:\/\/www.chaigne.fr\/blog\/232-grace-a-une-incroyable-fenetre-meteo-une-magnifique-fete-a-andernos-les-bains\" \/>\n<meta property=\"og:site_name\" content=\"Br\u00e8ves de Ballan\" \/>\n<meta property=\"article:publisher\" content=\"https:\/\/www.facebook.com\/vignobles.chaigne\/\" \/>\n<meta property=\"article:published_time\" content=\"2009-12-12T12:02:25+00:00\" \/>\n<meta property=\"article:modified_time\" content=\"2009-12-12T12:09:25+00:00\" \/>\n<meta property=\"og:image\" content=\"http:\/\/www.chaigne.fr\/blog\/blog\/wp-content\/uploads\/2009\/12\/degustation-huitres-entre-deux-mers-cabane.jpg\" \/>\n<meta name=\"author\" content=\"R\u00e9gis Chaigne\" \/>\n<meta name=\"twitter:card\" content=\"summary_large_image\" \/>\n<meta name=\"twitter:creator\" content=\"@rchbx\" \/>\n<meta name=\"twitter:site\" content=\"@rchbx\" \/>\n<meta name=\"twitter:label1\" content=\"\u00c9crit par\" \/>\n\t<meta name=\"twitter:data1\" content=\"R\u00e9gis Chaigne\" \/>\n\t<meta name=\"twitter:label2\" content=\"Dur\u00e9e de lecture estim\u00e9e\" \/>\n\t<meta name=\"twitter:data2\" content=\"2 minutes\" \/>\n<script type=\"application\/ld+json\" class=\"yoast-schema-graph\">{\"@context\":\"https:\/\/schema.org\",\"@graph\":[{\"@type\":\"Article\",\"@id\":\"https:\/\/www.chaigne.fr\/blog\/232-grace-a-une-incroyable-fenetre-meteo-une-magnifique-fete-a-andernos-les-bains#article\",\"isPartOf\":{\"@id\":\"https:\/\/www.chaigne.fr\/blog\/232-grace-a-une-incroyable-fenetre-meteo-une-magnifique-fete-a-andernos-les-bains\"},\"author\":{\"name\":\"R\u00e9gis Chaigne\",\"@id\":\"https:\/\/www.chaigne.fr\/blog\/#\/schema\/person\/644bfb40d75f7236e7b5b6113b8fa91d\"},\"headline\":\"Gr\u00e2ce \u00e0 une incroyable fen\u00eatre m\u00e9t\u00e9o, une magnifique f\u00eate \u00e0 Andernos les Bains !\",\"datePublished\":\"2009-12-12T12:02:25+00:00\",\"dateModified\":\"2009-12-12T12:09:25+00:00\",\"mainEntityOfPage\":{\"@id\":\"https:\/\/www.chaigne.fr\/blog\/232-grace-a-une-incroyable-fenetre-meteo-une-magnifique-fete-a-andernos-les-bains\"},\"wordCount\":353,\"commentCount\":1,\"publisher\":{\"@id\":\"https:\/\/www.chaigne.fr\/blog\/#organization\"},\"keywords\":[\"andernos\",\"bassin-arcachon\",\"cabane\",\"degustation\",\"entre-deux-mers\",\"fete\",\"huitre\",\"pecheur\",\"tapas\"],\"articleSection\":[\"Tourisme\"],\"inLanguage\":\"fr-FR\",\"potentialAction\":[{\"@type\":\"CommentAction\",\"name\":\"Comment\",\"target\":[\"https:\/\/www.chaigne.fr\/blog\/232-grace-a-une-incroyable-fenetre-meteo-une-magnifique-fete-a-andernos-les-bains#respond\"]}]},{\"@type\":\"WebPage\",\"@id\":\"https:\/\/www.chaigne.fr\/blog\/232-grace-a-une-incroyable-fenetre-meteo-une-magnifique-fete-a-andernos-les-bains\",\"url\":\"https:\/\/www.chaigne.fr\/blog\/232-grace-a-une-incroyable-fenetre-meteo-une-magnifique-fete-a-andernos-les-bains\",\"name\":\"Gr\u00e2ce \u00e0 une incroyable fen\u00eatre m\u00e9t\u00e9o, une magnifique f\u00eate \u00e0 Andernos les Bains ! - Br\u00e8ves de Ballan\",\"isPartOf\":{\"@id\":\"https:\/\/www.chaigne.fr\/blog\/#website\"},\"datePublished\":\"2009-12-12T12:02:25+00:00\",\"dateModified\":\"2009-12-12T12:09:25+00:00\",\"breadcrumb\":{\"@id\":\"https:\/\/www.chaigne.fr\/blog\/232-grace-a-une-incroyable-fenetre-meteo-une-magnifique-fete-a-andernos-les-bains#breadcrumb\"},\"inLanguage\":\"fr-FR\",\"potentialAction\":[{\"@type\":\"ReadAction\",\"target\":[\"https:\/\/www.chaigne.fr\/blog\/232-grace-a-une-incroyable-fenetre-meteo-une-magnifique-fete-a-andernos-les-bains\"]}]},{\"@type\":\"BreadcrumbList\",\"@id\":\"https:\/\/www.chaigne.fr\/blog\/232-grace-a-une-incroyable-fenetre-meteo-une-magnifique-fete-a-andernos-les-bains#breadcrumb\",\"itemListElement\":[{\"@type\":\"ListItem\",\"position\":1,\"name\":\"Accueil\",\"item\":\"https:\/\/www.chaigne.fr\/blog\/7-l-equipe-de-vignobles-chaigne-et-fils\"},{\"@type\":\"ListItem\",\"position\":2,\"name\":\"Gr\u00e2ce \u00e0 une incroyable fen\u00eatre m\u00e9t\u00e9o, une magnifique f\u00eate \u00e0 Andernos les Bains !\"}]},{\"@type\":\"WebSite\",\"@id\":\"https:\/\/www.chaigne.fr\/blog\/#website\",\"url\":\"https:\/\/www.chaigne.fr\/blog\/\",\"name\":\"Br\u00e8ves de Ballan\",\"description\":\"Le blog vigneron de R\u00e9gis Chaigne\",\"publisher\":{\"@id\":\"https:\/\/www.chaigne.fr\/blog\/#organization\"},\"potentialAction\":[{\"@type\":\"SearchAction\",\"target\":{\"@type\":\"EntryPoint\",\"urlTemplate\":\"https:\/\/www.chaigne.fr\/blog\/?s={search_term_string}\"},\"query-input\":\"required name=search_term_string\"}],\"inLanguage\":\"fr-FR\"},{\"@type\":\"Organization\",\"@id\":\"https:\/\/www.chaigne.fr\/blog\/#organization\",\"name\":\"Br\u00e8ves de Ballan\",\"url\":\"https:\/\/www.chaigne.fr\/blog\/\",\"logo\":{\"@type\":\"ImageObject\",\"inLanguage\":\"fr-FR\",\"@id\":\"https:\/\/www.chaigne.fr\/blog\/#\/schema\/logo\/image\/\",\"url\":\"https:\/\/www.chaigne.fr\/blog\/blog\/wp-content\/uploads\/2024\/02\/LogoChaigneGrd.png\",\"contentUrl\":\"https:\/\/www.chaigne.fr\/blog\/blog\/wp-content\/uploads\/2024\/02\/LogoChaigneGrd.png\",\"width\":791,\"height\":373,\"caption\":\"Br\u00e8ves de Ballan\"},\"image\":{\"@id\":\"https:\/\/www.chaigne.fr\/blog\/#\/schema\/logo\/image\/\"},\"sameAs\":[\"https:\/\/www.facebook.com\/vignobles.chaigne\/\",\"https:\/\/twitter.com\/rchbx\"]},{\"@type\":\"Person\",\"@id\":\"https:\/\/www.chaigne.fr\/blog\/#\/schema\/person\/644bfb40d75f7236e7b5b6113b8fa91d\",\"name\":\"R\u00e9gis Chaigne\",\"image\":{\"@type\":\"ImageObject\",\"inLanguage\":\"fr-FR\",\"@id\":\"https:\/\/www.chaigne.fr\/blog\/#\/schema\/person\/image\/\",\"url\":\"https:\/\/secure.gravatar.com\/avatar\/0870596580f5a34be89b95b368e1a531?s=96&d=mm&r=g\",\"contentUrl\":\"https:\/\/secure.gravatar.com\/avatar\/0870596580f5a34be89b95b368e1a531?s=96&d=mm&r=g\",\"caption\":\"R\u00e9gis Chaigne\"},\"sameAs\":[\"http:\/\/www.chaigne.fr\"],\"url\":\"https:\/\/www.chaigne.fr\/blog\/author\/rchbx-viti\"}]}<\/script>\n<!-- \/ Yoast SEO Premium plugin. -->","yoast_head_json":{"title":"Gr\u00e2ce \u00e0 une incroyable fen\u00eatre m\u00e9t\u00e9o, une magnifique f\u00eate \u00e0 Andernos les Bains ! - Br\u00e8ves de Ballan","robots":{"index":"index","follow":"follow","max-snippet":"max-snippet:-1","max-image-preview":"max-image-preview:large","max-video-preview":"max-video-preview:-1"},"canonical":"https:\/\/www.chaigne.fr\/blog\/232-grace-a-une-incroyable-fenetre-meteo-une-magnifique-fete-a-andernos-les-bains","og_locale":"fr_FR","og_type":"article","og_title":"Gr\u00e2ce \u00e0 une incroyable fen\u00eatre m\u00e9t\u00e9o, une magnifique f\u00eate \u00e0 Andernos les Bains !","og_description":"Toute la semaine qui a pr\u00e9c\u00e9d\u00e9, un temps pluvieux et vent\u00e9 nous a fortement inqui\u00e9t\u00e9s. Par chance, nous avons b\u00e9n\u00e9fici\u00e9 d&rsquo;un ciel cl\u00e9ment, id\u00e9al pour la premi\u00e8re \u00e9dition de Cabanes en f\u00eates, Huitres et Entre-Deux-Mers le samedi 5 d\u00e9cembre 2009 . Un grand merci \u00e0 tous les acteurs qui ont abouti \u00e0 cette grande f\u00eate [&hellip;]","og_url":"https:\/\/www.chaigne.fr\/blog\/232-grace-a-une-incroyable-fenetre-meteo-une-magnifique-fete-a-andernos-les-bains","og_site_name":"Br\u00e8ves de Ballan","article_publisher":"https:\/\/www.facebook.com\/vignobles.chaigne\/","article_published_time":"2009-12-12T12:02:25+00:00","article_modified_time":"2009-12-12T12:09:25+00:00","og_image":[{"url":"http:\/\/www.chaigne.fr\/blog\/blog\/wp-content\/uploads\/2009\/12\/degustation-huitres-entre-deux-mers-cabane.jpg"}],"author":"R\u00e9gis Chaigne","twitter_card":"summary_large_image","twitter_creator":"@rchbx","twitter_site":"@rchbx","twitter_misc":{"\u00c9crit par":"R\u00e9gis Chaigne","Dur\u00e9e de lecture estim\u00e9e":"2 minutes"},"schema":{"@context":"https:\/\/schema.org","@graph":[{"@type":"Article","@id":"https:\/\/www.chaigne.fr\/blog\/232-grace-a-une-incroyable-fenetre-meteo-une-magnifique-fete-a-andernos-les-bains#article","isPartOf":{"@id":"https:\/\/www.chaigne.fr\/blog\/232-grace-a-une-incroyable-fenetre-meteo-une-magnifique-fete-a-andernos-les-bains"},"author":{"name":"R\u00e9gis Chaigne","@id":"https:\/\/www.chaigne.fr\/blog\/#\/schema\/person\/644bfb40d75f7236e7b5b6113b8fa91d"},"headline":"Gr\u00e2ce \u00e0 une incroyable fen\u00eatre m\u00e9t\u00e9o, une magnifique f\u00eate \u00e0 Andernos les Bains !","datePublished":"2009-12-12T12:02:25+00:00","dateModified":"2009-12-12T12:09:25+00:00","mainEntityOfPage":{"@id":"https:\/\/www.chaigne.fr\/blog\/232-grace-a-une-incroyable-fenetre-meteo-une-magnifique-fete-a-andernos-les-bains"},"wordCount":353,"commentCount":1,"publisher":{"@id":"https:\/\/www.chaigne.fr\/blog\/#organization"},"keywords":["andernos","bassin-arcachon","cabane","degustation","entre-deux-mers","fete","huitre","pecheur","tapas"],"articleSection":["Tourisme"],"inLanguage":"fr-FR","potentialAction":[{"@type":"CommentAction","name":"Comment","target":["https:\/\/www.chaigne.fr\/blog\/232-grace-a-une-incroyable-fenetre-meteo-une-magnifique-fete-a-andernos-les-bains#respond"]}]},{"@type":"WebPage","@id":"https:\/\/www.chaigne.fr\/blog\/232-grace-a-une-incroyable-fenetre-meteo-une-magnifique-fete-a-andernos-les-bains","url":"https:\/\/www.chaigne.fr\/blog\/232-grace-a-une-incroyable-fenetre-meteo-une-magnifique-fete-a-andernos-les-bains","name":"Gr\u00e2ce \u00e0 une incroyable fen\u00eatre m\u00e9t\u00e9o, une magnifique f\u00eate \u00e0 Andernos les Bains ! - Br\u00e8ves de Ballan","isPartOf":{"@id":"https:\/\/www.chaigne.fr\/blog\/#website"},"datePublished":"2009-12-12T12:02:25+00:00","dateModified":"2009-12-12T12:09:25+00:00","breadcrumb":{"@id":"https:\/\/www.chaigne.fr\/blog\/232-grace-a-une-incroyable-fenetre-meteo-une-magnifique-fete-a-andernos-les-bains#breadcrumb"},"inLanguage":"fr-FR","potentialAction":[{"@type":"ReadAction","target":["https:\/\/www.chaigne.fr\/blog\/232-grace-a-une-incroyable-fenetre-meteo-une-magnifique-fete-a-andernos-les-bains"]}]},{"@type":"BreadcrumbList","@id":"https:\/\/www.chaigne.fr\/blog\/232-grace-a-une-incroyable-fenetre-meteo-une-magnifique-fete-a-andernos-les-bains#breadcrumb","itemListElement":[{"@type":"ListItem","position":1,"name":"Accueil","item":"https:\/\/www.chaigne.fr\/blog\/7-l-equipe-de-vignobles-chaigne-et-fils"},{"@type":"ListItem","position":2,"name":"Gr\u00e2ce \u00e0 une incroyable fen\u00eatre m\u00e9t\u00e9o, une magnifique f\u00eate \u00e0 Andernos les Bains !"}]},{"@type":"WebSite","@id":"https:\/\/www.chaigne.fr\/blog\/#website","url":"https:\/\/www.chaigne.fr\/blog\/","name":"Br\u00e8ves de Ballan","description":"Le blog vigneron de R\u00e9gis Chaigne","publisher":{"@id":"https:\/\/www.chaigne.fr\/blog\/#organization"},"potentialAction":[{"@type":"SearchAction","target":{"@type":"EntryPoint","urlTemplate":"https:\/\/www.chaigne.fr\/blog\/?s={search_term_string}"},"query-input":"required name=search_term_string"}],"inLanguage":"fr-FR"},{"@type":"Organization","@id":"https:\/\/www.chaigne.fr\/blog\/#organization","name":"Br\u00e8ves de Ballan","url":"https:\/\/www.chaigne.fr\/blog\/","logo":{"@type":"ImageObject","inLanguage":"fr-FR","@id":"https:\/\/www.chaigne.fr\/blog\/#\/schema\/logo\/image\/","url":"https:\/\/www.chaigne.fr\/blog\/blog\/wp-content\/uploads\/2024\/02\/LogoChaigneGrd.png","contentUrl":"https:\/\/www.chaigne.fr\/blog\/blog\/wp-content\/uploads\/2024\/02\/LogoChaigneGrd.png","width":791,"height":373,"caption":"Br\u00e8ves de Ballan"},"image":{"@id":"https:\/\/www.chaigne.fr\/blog\/#\/schema\/logo\/image\/"},"sameAs":["https:\/\/www.facebook.com\/vignobles.chaigne\/","https:\/\/twitter.com\/rchbx"]},{"@type":"Person","@id":"https:\/\/www.chaigne.fr\/blog\/#\/schema\/person\/644bfb40d75f7236e7b5b6113b8fa91d","name":"R\u00e9gis Chaigne","image":{"@type":"ImageObject","inLanguage":"fr-FR","@id":"https:\/\/www.chaigne.fr\/blog\/#\/schema\/person\/image\/","url":"https:\/\/secure.gravatar.com\/avatar\/0870596580f5a34be89b95b368e1a531?s=96&d=mm&r=g","contentUrl":"https:\/\/secure.gravatar.com\/avatar\/0870596580f5a34be89b95b368e1a531?s=96&d=mm&r=g","caption":"R\u00e9gis Chaigne"},"sameAs":["http:\/\/www.chaigne.fr"],"url":"https:\/\/www.chaigne.fr\/blog\/author\/rchbx-viti"}]}},"_links":{"self":[{"href":"https:\/\/www.chaigne.fr\/blog\/wp-json\/wp\/v2\/posts\/232"}],"collection":[{"href":"https:\/\/www.chaigne.fr\/blog\/wp-json\/wp\/v2\/posts"}],"about":[{"href":"https:\/\/www.chaigne.fr\/blog\/wp-json\/wp\/v2\/types\/post"}],"author":[{"embeddable":true,"href":"https:\/\/www.chaigne.fr\/blog\/wp-json\/wp\/v2\/users\/28"}],"replies":[{"embeddable":true,"href":"https:\/\/www.chaigne.fr\/blog\/wp-json\/wp\/v2\/comments?post=232"}],"version-history":[{"count":6,"href":"https:\/\/www.chaigne.fr\/blog\/wp-json\/wp\/v2\/posts\/232\/revisions"}],"predecessor-version":[{"id":240,"href":"https:\/\/www.chaigne.fr\/blog\/wp-json\/wp\/v2\/posts\/232\/revisions\/240"}],"wp:attachment":[{"href":"https:\/\/www.chaigne.fr\/blog\/wp-json\/wp\/v2\/media?parent=232"}],"wp:term":[{"taxonomy":"category","embeddable":true,"href":"https:\/\/www.chaigne.fr\/blog\/wp-json\/wp\/v2\/categories?post=232"},{"taxonomy":"post_tag","embeddable":true,"href":"https:\/\/www.chaigne.fr\/blog\/wp-json\/wp\/v2\/tags?post=232"}],"curies":[{"name":"wp","href":"https:\/\/api.w.org\/{rel}","templated":true}]}}