{"id":280,"date":"2010-01-07T19:15:35","date_gmt":"2010-01-07T18:15:35","guid":{"rendered":"http:\/\/www.chaigne.fr\/blog\/?p=280"},"modified":"2010-01-29T22:19:14","modified_gmt":"2010-01-29T21:19:14","slug":"annulation-tournee-rhone-alpes-2010","status":"publish","type":"post","link":"https:\/\/www.chaigne.fr\/blog\/280-annulation-tournee-rhone-alpes-2010","title":{"rendered":"Annulation tourn\u00e9e Rh\u00f4ne-Alpes 2010"},"content":{"rendered":"<p>En raison de risques importants d&rsquo;intemp\u00e9ries sur Lyon et Grenoble (des hauteurs cumul\u00e9es importantes de neige et un froid persistant sont annonc\u00e9s), j&rsquo;ai d\u00e9cid\u00e9 de reporter la tourn\u00e9e Rh\u00f4ne-Alpes initialement pr\u00e9vue du 9 au 12 janvier.<\/p>\n<p>Un d\u00e9placement de remplacement sera pr\u00e9vu prochainement afin d&rsquo;assurer les livraisons des clients qui nous ont pass\u00e9 des commandes.<\/p>\n<p>Merci de bien vouloir nous excuser pour les d\u00e9sagr\u00e9ments caus\u00e9s par cet \u00e9v\u00e9nement ind\u00e9pendant de notre volont\u00e9, et \u00e0 tr\u00e8s bient\u00f4t.<\/p>\n<figure id=\"attachment_293\" aria-describedby=\"caption-attachment-293\" style=\"width: 640px\" class=\"wp-caption alignnone\"><a href=\"http:\/\/www.chaigne.fr\/blog\/blog\/wp-content\/uploads\/2010\/01\/neige-echirolles-avenue-de-grugliasco-8-janvier-2010.jpg\"><img loading=\"lazy\" decoding=\"async\" class=\"size-full wp-image-293 \" title=\"neige-echirolles-avenue-de-grugliasco-8-janvier-2010\" src=\"http:\/\/www.chaigne.fr\/blog\/blog\/wp-content\/uploads\/2010\/01\/neige-echirolles-avenue-de-grugliasco-8-janvier-2010.jpg\" alt=\"Neige \u00e0 Echirolles (Avenue de Grugliasco) le 8 Janvier 2010\" width=\"640\" height=\"480\" srcset=\"https:\/\/www.chaigne.fr\/blog\/blog\/wp-content\/uploads\/2010\/01\/neige-echirolles-avenue-de-grugliasco-8-janvier-2010.jpg 640w, https:\/\/www.chaigne.fr\/blog\/blog\/wp-content\/uploads\/2010\/01\/neige-echirolles-avenue-de-grugliasco-8-janvier-2010-300x225.jpg 300w\" sizes=\"(max-width: 640px) 100vw, 640px\" \/><\/a><figcaption id=\"caption-attachment-293\" class=\"wp-caption-text\">Neige \u00e0 Echirolles (Avenue de Grugliasco) le 8 Janvier 2010 - cr\u00e9dit photo Jean-Charles Crisci - photo ajout\u00e9e le 28 janvier 2010<\/figcaption><\/figure>\n<p><a title=\"L'album photo de Jean-Charles\" href=\"http:\/\/fr.fotolia.com\/p\/20701\/partner\/20701\">Plus de photos de Jean-Charles Crisci<\/a><\/p>\n<p><a href=\"http:\/\/jccrisci.free.fr\/phpwebgallery\/\">Encore d&rsquo;autres photos de Jean-Charles<\/a><\/p>\n","protected":false},"excerpt":{"rendered":"<p>En raison de risques importants d&rsquo;intemp\u00e9ries sur Lyon et Grenoble (des hauteurs cumul\u00e9es importantes de neige et un froid persistant sont annonc\u00e9s), j&rsquo;ai d\u00e9cid\u00e9 de reporter la tourn\u00e9e Rh\u00f4ne-Alpes initialement pr\u00e9vue du 9 au 12 janvier. Un d\u00e9placement de remplacement sera pr\u00e9vu prochainement afin d&rsquo;assurer les livraisons des clients qui nous ont pass\u00e9 des commandes. [&hellip;]<\/p>\n","protected":false},"author":28,"featured_media":0,"comment_status":"open","ping_status":"open","sticky":false,"template":"","format":"standard","meta":{"footnotes":""},"categories":[6],"tags":[],"yoast_head":"<!-- This site is optimized with the Yoast SEO Premium plugin v20.8 (Yoast SEO v21.9.1) - https:\/\/yoast.com\/wordpress\/plugins\/seo\/ -->\n<title>Annulation tourn\u00e9e Rh\u00f4ne-Alpes 2010 - Br\u00e8ves de Ballan<\/title>\n<meta name=\"robots\" content=\"index, follow, max-snippet:-1, max-image-preview:large, max-video-preview:-1\" \/>\n<link rel=\"canonical\" href=\"https:\/\/www.chaigne.fr\/blog\/280-annulation-tournee-rhone-alpes-2010\" \/>\n<meta property=\"og:locale\" content=\"fr_FR\" \/>\n<meta property=\"og:type\" content=\"article\" \/>\n<meta property=\"og:title\" content=\"Annulation tourn\u00e9e Rh\u00f4ne-Alpes 2010\" \/>\n<meta property=\"og:description\" content=\"En raison de risques importants d&rsquo;intemp\u00e9ries sur Lyon et Grenoble (des hauteurs cumul\u00e9es importantes de neige et un froid persistant sont annonc\u00e9s), j&rsquo;ai d\u00e9cid\u00e9 de reporter la tourn\u00e9e Rh\u00f4ne-Alpes initialement pr\u00e9vue du 9 au 12 janvier. Un d\u00e9placement de remplacement sera pr\u00e9vu prochainement afin d&rsquo;assurer les livraisons des clients qui nous ont pass\u00e9 des commandes. [&hellip;]\" \/>\n<meta property=\"og:url\" content=\"https:\/\/www.chaigne.fr\/blog\/280-annulation-tournee-rhone-alpes-2010\" \/>\n<meta property=\"og:site_name\" content=\"Br\u00e8ves de Ballan\" \/>\n<meta property=\"article:publisher\" content=\"https:\/\/www.facebook.com\/vignobles.chaigne\/\" \/>\n<meta property=\"article:published_time\" content=\"2010-01-07T18:15:35+00:00\" \/>\n<meta property=\"article:modified_time\" content=\"2010-01-29T21:19:14+00:00\" \/>\n<meta property=\"og:image\" content=\"http:\/\/www.chaigne.fr\/blog\/blog\/wp-content\/uploads\/2010\/01\/neige-echirolles-avenue-de-grugliasco-8-janvier-2010.jpg\" \/>\n<meta name=\"author\" content=\"R\u00e9gis Chaigne\" \/>\n<meta name=\"twitter:card\" content=\"summary_large_image\" \/>\n<meta name=\"twitter:creator\" content=\"@rchbx\" \/>\n<meta name=\"twitter:site\" content=\"@rchbx\" \/>\n<meta name=\"twitter:label1\" content=\"\u00c9crit par\" \/>\n\t<meta name=\"twitter:data1\" content=\"R\u00e9gis Chaigne\" \/>\n\t<meta name=\"twitter:label2\" content=\"Dur\u00e9e de lecture estim\u00e9e\" \/>\n\t<meta name=\"twitter:data2\" content=\"1 minute\" \/>\n<script type=\"application\/ld+json\" class=\"yoast-schema-graph\">{\"@context\":\"https:\/\/schema.org\",\"@graph\":[{\"@type\":\"Article\",\"@id\":\"https:\/\/www.chaigne.fr\/blog\/280-annulation-tournee-rhone-alpes-2010#article\",\"isPartOf\":{\"@id\":\"https:\/\/www.chaigne.fr\/blog\/280-annulation-tournee-rhone-alpes-2010\"},\"author\":{\"name\":\"R\u00e9gis Chaigne\",\"@id\":\"https:\/\/www.chaigne.fr\/blog\/#\/schema\/person\/644bfb40d75f7236e7b5b6113b8fa91d\"},\"headline\":\"Annulation tourn\u00e9e Rh\u00f4ne-Alpes 2010\",\"datePublished\":\"2010-01-07T18:15:35+00:00\",\"dateModified\":\"2010-01-29T21:19:14+00:00\",\"mainEntityOfPage\":{\"@id\":\"https:\/\/www.chaigne.fr\/blog\/280-annulation-tournee-rhone-alpes-2010\"},\"wordCount\":132,\"commentCount\":0,\"publisher\":{\"@id\":\"https:\/\/www.chaigne.fr\/blog\/#organization\"},\"articleSection\":[\"D\u00e9gustations\"],\"inLanguage\":\"fr-FR\",\"potentialAction\":[{\"@type\":\"CommentAction\",\"name\":\"Comment\",\"target\":[\"https:\/\/www.chaigne.fr\/blog\/280-annulation-tournee-rhone-alpes-2010#respond\"]}]},{\"@type\":\"WebPage\",\"@id\":\"https:\/\/www.chaigne.fr\/blog\/280-annulation-tournee-rhone-alpes-2010\",\"url\":\"https:\/\/www.chaigne.fr\/blog\/280-annulation-tournee-rhone-alpes-2010\",\"name\":\"Annulation tourn\u00e9e Rh\u00f4ne-Alpes 2010 - Br\u00e8ves de Ballan\",\"isPartOf\":{\"@id\":\"https:\/\/www.chaigne.fr\/blog\/#website\"},\"datePublished\":\"2010-01-07T18:15:35+00:00\",\"dateModified\":\"2010-01-29T21:19:14+00:00\",\"breadcrumb\":{\"@id\":\"https:\/\/www.chaigne.fr\/blog\/280-annulation-tournee-rhone-alpes-2010#breadcrumb\"},\"inLanguage\":\"fr-FR\",\"potentialAction\":[{\"@type\":\"ReadAction\",\"target\":[\"https:\/\/www.chaigne.fr\/blog\/280-annulation-tournee-rhone-alpes-2010\"]}]},{\"@type\":\"BreadcrumbList\",\"@id\":\"https:\/\/www.chaigne.fr\/blog\/280-annulation-tournee-rhone-alpes-2010#breadcrumb\",\"itemListElement\":[{\"@type\":\"ListItem\",\"position\":1,\"name\":\"Accueil\",\"item\":\"https:\/\/www.chaigne.fr\/blog\/7-l-equipe-de-vignobles-chaigne-et-fils\"},{\"@type\":\"ListItem\",\"position\":2,\"name\":\"Annulation tourn\u00e9e Rh\u00f4ne-Alpes 2010\"}]},{\"@type\":\"WebSite\",\"@id\":\"https:\/\/www.chaigne.fr\/blog\/#website\",\"url\":\"https:\/\/www.chaigne.fr\/blog\/\",\"name\":\"Br\u00e8ves de Ballan\",\"description\":\"Le blog vigneron de R\u00e9gis Chaigne\",\"publisher\":{\"@id\":\"https:\/\/www.chaigne.fr\/blog\/#organization\"},\"potentialAction\":[{\"@type\":\"SearchAction\",\"target\":{\"@type\":\"EntryPoint\",\"urlTemplate\":\"https:\/\/www.chaigne.fr\/blog\/?s={search_term_string}\"},\"query-input\":\"required name=search_term_string\"}],\"inLanguage\":\"fr-FR\"},{\"@type\":\"Organization\",\"@id\":\"https:\/\/www.chaigne.fr\/blog\/#organization\",\"name\":\"Br\u00e8ves de Ballan\",\"url\":\"https:\/\/www.chaigne.fr\/blog\/\",\"logo\":{\"@type\":\"ImageObject\",\"inLanguage\":\"fr-FR\",\"@id\":\"https:\/\/www.chaigne.fr\/blog\/#\/schema\/logo\/image\/\",\"url\":\"https:\/\/www.chaigne.fr\/blog\/blog\/wp-content\/uploads\/2024\/02\/LogoChaigneGrd.png\",\"contentUrl\":\"https:\/\/www.chaigne.fr\/blog\/blog\/wp-content\/uploads\/2024\/02\/LogoChaigneGrd.png\",\"width\":791,\"height\":373,\"caption\":\"Br\u00e8ves de Ballan\"},\"image\":{\"@id\":\"https:\/\/www.chaigne.fr\/blog\/#\/schema\/logo\/image\/\"},\"sameAs\":[\"https:\/\/www.facebook.com\/vignobles.chaigne\/\",\"https:\/\/twitter.com\/rchbx\"]},{\"@type\":\"Person\",\"@id\":\"https:\/\/www.chaigne.fr\/blog\/#\/schema\/person\/644bfb40d75f7236e7b5b6113b8fa91d\",\"name\":\"R\u00e9gis Chaigne\",\"image\":{\"@type\":\"ImageObject\",\"inLanguage\":\"fr-FR\",\"@id\":\"https:\/\/www.chaigne.fr\/blog\/#\/schema\/person\/image\/\",\"url\":\"https:\/\/secure.gravatar.com\/avatar\/0870596580f5a34be89b95b368e1a531?s=96&d=mm&r=g\",\"contentUrl\":\"https:\/\/secure.gravatar.com\/avatar\/0870596580f5a34be89b95b368e1a531?s=96&d=mm&r=g\",\"caption\":\"R\u00e9gis Chaigne\"},\"sameAs\":[\"http:\/\/www.chaigne.fr\"],\"url\":\"https:\/\/www.chaigne.fr\/blog\/author\/rchbx-viti\"}]}<\/script>\n<!-- \/ Yoast SEO Premium plugin. -->","yoast_head_json":{"title":"Annulation tourn\u00e9e Rh\u00f4ne-Alpes 2010 - Br\u00e8ves de Ballan","robots":{"index":"index","follow":"follow","max-snippet":"max-snippet:-1","max-image-preview":"max-image-preview:large","max-video-preview":"max-video-preview:-1"},"canonical":"https:\/\/www.chaigne.fr\/blog\/280-annulation-tournee-rhone-alpes-2010","og_locale":"fr_FR","og_type":"article","og_title":"Annulation tourn\u00e9e Rh\u00f4ne-Alpes 2010","og_description":"En raison de risques importants d&rsquo;intemp\u00e9ries sur Lyon et Grenoble (des hauteurs cumul\u00e9es importantes de neige et un froid persistant sont annonc\u00e9s), j&rsquo;ai d\u00e9cid\u00e9 de reporter la tourn\u00e9e Rh\u00f4ne-Alpes initialement pr\u00e9vue du 9 au 12 janvier. Un d\u00e9placement de remplacement sera pr\u00e9vu prochainement afin d&rsquo;assurer les livraisons des clients qui nous ont pass\u00e9 des commandes. [&hellip;]","og_url":"https:\/\/www.chaigne.fr\/blog\/280-annulation-tournee-rhone-alpes-2010","og_site_name":"Br\u00e8ves de Ballan","article_publisher":"https:\/\/www.facebook.com\/vignobles.chaigne\/","article_published_time":"2010-01-07T18:15:35+00:00","article_modified_time":"2010-01-29T21:19:14+00:00","og_image":[{"url":"http:\/\/www.chaigne.fr\/blog\/blog\/wp-content\/uploads\/2010\/01\/neige-echirolles-avenue-de-grugliasco-8-janvier-2010.jpg"}],"author":"R\u00e9gis Chaigne","twitter_card":"summary_large_image","twitter_creator":"@rchbx","twitter_site":"@rchbx","twitter_misc":{"\u00c9crit par":"R\u00e9gis Chaigne","Dur\u00e9e de lecture estim\u00e9e":"1 minute"},"schema":{"@context":"https:\/\/schema.org","@graph":[{"@type":"Article","@id":"https:\/\/www.chaigne.fr\/blog\/280-annulation-tournee-rhone-alpes-2010#article","isPartOf":{"@id":"https:\/\/www.chaigne.fr\/blog\/280-annulation-tournee-rhone-alpes-2010"},"author":{"name":"R\u00e9gis Chaigne","@id":"https:\/\/www.chaigne.fr\/blog\/#\/schema\/person\/644bfb40d75f7236e7b5b6113b8fa91d"},"headline":"Annulation tourn\u00e9e Rh\u00f4ne-Alpes 2010","datePublished":"2010-01-07T18:15:35+00:00","dateModified":"2010-01-29T21:19:14+00:00","mainEntityOfPage":{"@id":"https:\/\/www.chaigne.fr\/blog\/280-annulation-tournee-rhone-alpes-2010"},"wordCount":132,"commentCount":0,"publisher":{"@id":"https:\/\/www.chaigne.fr\/blog\/#organization"},"articleSection":["D\u00e9gustations"],"inLanguage":"fr-FR","potentialAction":[{"@type":"CommentAction","name":"Comment","target":["https:\/\/www.chaigne.fr\/blog\/280-annulation-tournee-rhone-alpes-2010#respond"]}]},{"@type":"WebPage","@id":"https:\/\/www.chaigne.fr\/blog\/280-annulation-tournee-rhone-alpes-2010","url":"https:\/\/www.chaigne.fr\/blog\/280-annulation-tournee-rhone-alpes-2010","name":"Annulation tourn\u00e9e Rh\u00f4ne-Alpes 2010 - Br\u00e8ves de Ballan","isPartOf":{"@id":"https:\/\/www.chaigne.fr\/blog\/#website"},"datePublished":"2010-01-07T18:15:35+00:00","dateModified":"2010-01-29T21:19:14+00:00","breadcrumb":{"@id":"https:\/\/www.chaigne.fr\/blog\/280-annulation-tournee-rhone-alpes-2010#breadcrumb"},"inLanguage":"fr-FR","potentialAction":[{"@type":"ReadAction","target":["https:\/\/www.chaigne.fr\/blog\/280-annulation-tournee-rhone-alpes-2010"]}]},{"@type":"BreadcrumbList","@id":"https:\/\/www.chaigne.fr\/blog\/280-annulation-tournee-rhone-alpes-2010#breadcrumb","itemListElement":[{"@type":"ListItem","position":1,"name":"Accueil","item":"https:\/\/www.chaigne.fr\/blog\/7-l-equipe-de-vignobles-chaigne-et-fils"},{"@type":"ListItem","position":2,"name":"Annulation tourn\u00e9e Rh\u00f4ne-Alpes 2010"}]},{"@type":"WebSite","@id":"https:\/\/www.chaigne.fr\/blog\/#website","url":"https:\/\/www.chaigne.fr\/blog\/","name":"Br\u00e8ves de Ballan","description":"Le blog vigneron de R\u00e9gis Chaigne","publisher":{"@id":"https:\/\/www.chaigne.fr\/blog\/#organization"},"potentialAction":[{"@type":"SearchAction","target":{"@type":"EntryPoint","urlTemplate":"https:\/\/www.chaigne.fr\/blog\/?s={search_term_string}"},"query-input":"required name=search_term_string"}],"inLanguage":"fr-FR"},{"@type":"Organization","@id":"https:\/\/www.chaigne.fr\/blog\/#organization","name":"Br\u00e8ves de Ballan","url":"https:\/\/www.chaigne.fr\/blog\/","logo":{"@type":"ImageObject","inLanguage":"fr-FR","@id":"https:\/\/www.chaigne.fr\/blog\/#\/schema\/logo\/image\/","url":"https:\/\/www.chaigne.fr\/blog\/blog\/wp-content\/uploads\/2024\/02\/LogoChaigneGrd.png","contentUrl":"https:\/\/www.chaigne.fr\/blog\/blog\/wp-content\/uploads\/2024\/02\/LogoChaigneGrd.png","width":791,"height":373,"caption":"Br\u00e8ves de Ballan"},"image":{"@id":"https:\/\/www.chaigne.fr\/blog\/#\/schema\/logo\/image\/"},"sameAs":["https:\/\/www.facebook.com\/vignobles.chaigne\/","https:\/\/twitter.com\/rchbx"]},{"@type":"Person","@id":"https:\/\/www.chaigne.fr\/blog\/#\/schema\/person\/644bfb40d75f7236e7b5b6113b8fa91d","name":"R\u00e9gis Chaigne","image":{"@type":"ImageObject","inLanguage":"fr-FR","@id":"https:\/\/www.chaigne.fr\/blog\/#\/schema\/person\/image\/","url":"https:\/\/secure.gravatar.com\/avatar\/0870596580f5a34be89b95b368e1a531?s=96&d=mm&r=g","contentUrl":"https:\/\/secure.gravatar.com\/avatar\/0870596580f5a34be89b95b368e1a531?s=96&d=mm&r=g","caption":"R\u00e9gis Chaigne"},"sameAs":["http:\/\/www.chaigne.fr"],"url":"https:\/\/www.chaigne.fr\/blog\/author\/rchbx-viti"}]}},"_links":{"self":[{"href":"https:\/\/www.chaigne.fr\/blog\/wp-json\/wp\/v2\/posts\/280"}],"collection":[{"href":"https:\/\/www.chaigne.fr\/blog\/wp-json\/wp\/v2\/posts"}],"about":[{"href":"https:\/\/www.chaigne.fr\/blog\/wp-json\/wp\/v2\/types\/post"}],"author":[{"embeddable":true,"href":"https:\/\/www.chaigne.fr\/blog\/wp-json\/wp\/v2\/users\/28"}],"replies":[{"embeddable":true,"href":"https:\/\/www.chaigne.fr\/blog\/wp-json\/wp\/v2\/comments?post=280"}],"version-history":[{"count":5,"href":"https:\/\/www.chaigne.fr\/blog\/wp-json\/wp\/v2\/posts\/280\/revisions"}],"predecessor-version":[{"id":283,"href":"https:\/\/www.chaigne.fr\/blog\/wp-json\/wp\/v2\/posts\/280\/revisions\/283"}],"wp:attachment":[{"href":"https:\/\/www.chaigne.fr\/blog\/wp-json\/wp\/v2\/media?parent=280"}],"wp:term":[{"taxonomy":"category","embeddable":true,"href":"https:\/\/www.chaigne.fr\/blog\/wp-json\/wp\/v2\/categories?post=280"},{"taxonomy":"post_tag","embeddable":true,"href":"https:\/\/www.chaigne.fr\/blog\/wp-json\/wp\/v2\/tags?post=280"}],"curies":[{"name":"wp","href":"https:\/\/api.w.org\/{rel}","templated":true}]}}