{"id":59,"date":"2007-02-22T14:42:44","date_gmt":"2007-02-22T12:42:44","guid":{"rendered":"http:\/\/blog.chaigne.lamoureux.homeip.net\/?p=59"},"modified":"2009-08-31T14:49:46","modified_gmt":"2009-08-31T12:49:46","slug":"coup-de-gueule-la-fracture-numerique-penalise-les-viticulteurs-isoles","status":"publish","type":"post","link":"https:\/\/www.chaigne.fr\/blog\/59-coup-de-gueule-la-fracture-numerique-penalise-les-viticulteurs-isoles","title":{"rendered":"Coup de gueule : la fracture num\u00e9rique p\u00e9nalise les viticulteurs isol\u00e9s"},"content":{"rendered":"<p>Vu sur un site officiel de la R\u00e9publique Fran\u00e7aise : <a href=\"http:\/\/www.econumerique.pme.gouv.fr\/PMEWeb\/\">\u00ab\u00a0Entrepreneurs, faites le choix de l&rsquo;\u00e9conomie num\u00e9rique\u00a0\u00bb<\/a><\/p>\n<blockquote><p><em>Entrepreneurs, commer\u00e7ants et artisans<\/em><br style=\"font-style: italic;\" \/><em>L&rsquo;\u00e9conomie num\u00e9rique, votre alli\u00e9e face \u00e0 la concurrence<\/em><br style=\"font-style: italic;\" \/><em>Le constat :<\/em><br style=\"font-style: italic;\" \/><em>Pour survivre et se d\u00e9velopper dans un environnement de plus en plus concurrentiel, les petites entreprises de services, les commer\u00e7ants et les artisans doivent chercher \u00e0 fid\u00e9liser leur client\u00e8le et trouver de nouveaux d\u00e9bouch\u00e9s. Internet et le commerce en ligne repr\u00e9sentent pour eux une opportunit\u00e9 qui m\u00e9rite d&rsquo;\u00eatre explor\u00e9e. Etc&#8230;<\/em><\/p><\/blockquote>\n<p><strong>Je suis tout \u00e0 fait en phase<\/strong> avec le postulat ci-dessus.<\/p>\n<p>C&rsquo;est tr\u00e8s bien cete id\u00e9e de passeport num\u00e9rique, mais comment on fait quand on dirige une exploitation viticole qui exporte (Etats Unis, Chine, Australie, Japon, Malaisie, Grande Bretagne, &#8230;), qui souhaite utiliser les potentialit\u00e9s d&rsquo;internet&#8230;<br \/>\n&#8230; et que le haut d\u00e9bit irriguera peut-\u00eatre si tout va bien en 2010  ? Comment alors faire <strong>le choix<\/strong> de l&rsquo;\u00e9conomie num\u00e9rique ?<\/p>\n<p>Si vous faites partie des quelques % de r\u00e9sidus non desservis, vous pouvez toujours <strong>pleurer<\/strong> en attendant pendant que vos comp\u00e9titeurs utilisent les nouvelles technologies, car personne ne s&rsquo;int\u00e9resse vraiment \u00e0 vous. (si ce n&rsquo;est Nicolas, qui <a href=\"http:\/\/www.liberation.com\/actualite\/instantanes\/histoiredujour\/235587.FR.php\">\u00ab\u00a0ne boit pas d&rsquo;alcool\u00a0\u00bb<\/a>, mais souhaite tout de m\u00eame <a href=\"http:\/\/www.viticulteurs-avec-sarkozy.com\/\">r\u00e9cup\u00e9rer votre voix de viticulteur<\/a>).<\/p>\n<p>Si quelqu&rsquo;un a la solution pour surfer \u00e0 haut d\u00e9bit en zone non desservie, merci de de me contacter.<br \/>\nMais oublier la ligne sp\u00e9cialis\u00e9e hors de prix, la 3G limit\u00e9e en volume de donn\u00e9es et le satellite unidirectionnel&#8230;<br \/>\nReste le wifi, on va bien essayer, mais ce n&rsquo;est pas \u00e9vident.<br \/>\nRemarquez, si on arrive \u00e0 installer le wifi, sans doute l&rsquo;op\u00e9rateur historique mettra-t-il les bouch\u00e9es doubles pour desservir notre zone soit-disant impossible \u00e0 couvrir.<br \/>\nCela s&rsquo;est pass\u00e9 comme cela \u00e0 Saint Pierre d&rsquo;Aurillac : quelques semaines apr\u00e8s la mise en place d&rsquo;un r\u00e9seau wifi par <a href=\"http:\/\/fmtelecom.free.fr\/reseaux.htm\">FM Telecom<\/a>, le NRA a \u00e9t\u00e9 \u00e9quip\u00e9 en urgence pour ne pas laisser la place \u00e0 un op\u00e9rateur alternatif&#8230;<\/p>\n<p><em>Ajout\u00e9 le 5 mai 2007<\/em> : toujours pas d&rsquo;\u00e9volution \u00e0 Saint Laurent du Bois, le <a hreflang=\"fr\" href=\"http:\/\/billaut.typepad.com\/jm\/2007\/05\/connaissezvous__1.html\">reportage<\/a> dans le <a hreflang=\"fr\" href=\"http:\/\/billaut.typepad.com\/jm\/\">blog<\/a> de Jean-Michel Billaud me laisse r\u00eaveur&#8230; A 64 kb (Num\u00e9ris) j&rsquo;ai renonc\u00e9 \u00e0 l&rsquo;id\u00e9e de visionner la vid\u00e9o propos\u00e9e.<\/p>\n","protected":false},"excerpt":{"rendered":"<p>Vu sur un site officiel de la R\u00e9publique Fran\u00e7aise : \u00ab\u00a0Entrepreneurs, faites le choix de l&rsquo;\u00e9conomie num\u00e9rique\u00a0\u00bb Entrepreneurs, commer\u00e7ants et artisansL&rsquo;\u00e9conomie num\u00e9rique, votre alli\u00e9e face \u00e0 la concurrenceLe constat :Pour survivre et se d\u00e9velopper dans un environnement de plus en plus concurrentiel, les petites entreprises de services, les commer\u00e7ants et les artisans doivent chercher \u00e0 [&hellip;]<\/p>\n","protected":false},"author":28,"featured_media":0,"comment_status":"open","ping_status":"open","sticky":false,"template":"","format":"standard","meta":{"footnotes":""},"categories":[1],"tags":[],"yoast_head":"<!-- This site is optimized with the Yoast SEO Premium plugin v20.8 (Yoast SEO v21.9.1) - https:\/\/yoast.com\/wordpress\/plugins\/seo\/ -->\n<title>Coup de gueule : la fracture num\u00e9rique p\u00e9nalise les viticulteurs isol\u00e9s - Br\u00e8ves de Ballan<\/title>\n<meta name=\"robots\" content=\"index, follow, max-snippet:-1, max-image-preview:large, max-video-preview:-1\" \/>\n<link rel=\"canonical\" href=\"https:\/\/www.chaigne.fr\/blog\/59-coup-de-gueule-la-fracture-numerique-penalise-les-viticulteurs-isoles\" \/>\n<meta property=\"og:locale\" content=\"fr_FR\" \/>\n<meta property=\"og:type\" content=\"article\" \/>\n<meta property=\"og:title\" content=\"Coup de gueule : la fracture num\u00e9rique p\u00e9nalise les viticulteurs isol\u00e9s\" \/>\n<meta property=\"og:description\" content=\"Vu sur un site officiel de la R\u00e9publique Fran\u00e7aise : \u00ab\u00a0Entrepreneurs, faites le choix de l&rsquo;\u00e9conomie num\u00e9rique\u00a0\u00bb Entrepreneurs, commer\u00e7ants et artisansL&rsquo;\u00e9conomie num\u00e9rique, votre alli\u00e9e face \u00e0 la concurrenceLe constat :Pour survivre et se d\u00e9velopper dans un environnement de plus en plus concurrentiel, les petites entreprises de services, les commer\u00e7ants et les artisans doivent chercher \u00e0 [&hellip;]\" \/>\n<meta property=\"og:url\" content=\"https:\/\/www.chaigne.fr\/blog\/59-coup-de-gueule-la-fracture-numerique-penalise-les-viticulteurs-isoles\" \/>\n<meta property=\"og:site_name\" content=\"Br\u00e8ves de Ballan\" \/>\n<meta property=\"article:publisher\" content=\"https:\/\/www.facebook.com\/vignobles.chaigne\/\" \/>\n<meta property=\"article:published_time\" content=\"2007-02-22T12:42:44+00:00\" \/>\n<meta property=\"article:modified_time\" content=\"2009-08-31T12:49:46+00:00\" \/>\n<meta name=\"author\" content=\"R\u00e9gis Chaigne\" \/>\n<meta name=\"twitter:card\" content=\"summary_large_image\" \/>\n<meta name=\"twitter:creator\" content=\"@rchbx\" \/>\n<meta name=\"twitter:site\" content=\"@rchbx\" \/>\n<meta name=\"twitter:label1\" content=\"\u00c9crit par\" \/>\n\t<meta name=\"twitter:data1\" content=\"R\u00e9gis Chaigne\" \/>\n\t<meta name=\"twitter:label2\" content=\"Dur\u00e9e de lecture estim\u00e9e\" \/>\n\t<meta name=\"twitter:data2\" content=\"2 minutes\" \/>\n<script type=\"application\/ld+json\" class=\"yoast-schema-graph\">{\"@context\":\"https:\/\/schema.org\",\"@graph\":[{\"@type\":\"Article\",\"@id\":\"https:\/\/www.chaigne.fr\/blog\/59-coup-de-gueule-la-fracture-numerique-penalise-les-viticulteurs-isoles#article\",\"isPartOf\":{\"@id\":\"https:\/\/www.chaigne.fr\/blog\/59-coup-de-gueule-la-fracture-numerique-penalise-les-viticulteurs-isoles\"},\"author\":{\"name\":\"R\u00e9gis Chaigne\",\"@id\":\"https:\/\/www.chaigne.fr\/blog\/#\/schema\/person\/644bfb40d75f7236e7b5b6113b8fa91d\"},\"headline\":\"Coup de gueule : la fracture num\u00e9rique p\u00e9nalise les viticulteurs isol\u00e9s\",\"datePublished\":\"2007-02-22T12:42:44+00:00\",\"dateModified\":\"2009-08-31T12:49:46+00:00\",\"mainEntityOfPage\":{\"@id\":\"https:\/\/www.chaigne.fr\/blog\/59-coup-de-gueule-la-fracture-numerique-penalise-les-viticulteurs-isoles\"},\"wordCount\":392,\"commentCount\":0,\"publisher\":{\"@id\":\"https:\/\/www.chaigne.fr\/blog\/#organization\"},\"inLanguage\":\"fr-FR\",\"potentialAction\":[{\"@type\":\"CommentAction\",\"name\":\"Comment\",\"target\":[\"https:\/\/www.chaigne.fr\/blog\/59-coup-de-gueule-la-fracture-numerique-penalise-les-viticulteurs-isoles#respond\"]}]},{\"@type\":\"WebPage\",\"@id\":\"https:\/\/www.chaigne.fr\/blog\/59-coup-de-gueule-la-fracture-numerique-penalise-les-viticulteurs-isoles\",\"url\":\"https:\/\/www.chaigne.fr\/blog\/59-coup-de-gueule-la-fracture-numerique-penalise-les-viticulteurs-isoles\",\"name\":\"Coup de gueule : la fracture num\u00e9rique p\u00e9nalise les viticulteurs isol\u00e9s - Br\u00e8ves de Ballan\",\"isPartOf\":{\"@id\":\"https:\/\/www.chaigne.fr\/blog\/#website\"},\"datePublished\":\"2007-02-22T12:42:44+00:00\",\"dateModified\":\"2009-08-31T12:49:46+00:00\",\"breadcrumb\":{\"@id\":\"https:\/\/www.chaigne.fr\/blog\/59-coup-de-gueule-la-fracture-numerique-penalise-les-viticulteurs-isoles#breadcrumb\"},\"inLanguage\":\"fr-FR\",\"potentialAction\":[{\"@type\":\"ReadAction\",\"target\":[\"https:\/\/www.chaigne.fr\/blog\/59-coup-de-gueule-la-fracture-numerique-penalise-les-viticulteurs-isoles\"]}]},{\"@type\":\"BreadcrumbList\",\"@id\":\"https:\/\/www.chaigne.fr\/blog\/59-coup-de-gueule-la-fracture-numerique-penalise-les-viticulteurs-isoles#breadcrumb\",\"itemListElement\":[{\"@type\":\"ListItem\",\"position\":1,\"name\":\"Accueil\",\"item\":\"https:\/\/www.chaigne.fr\/blog\/7-l-equipe-de-vignobles-chaigne-et-fils\"},{\"@type\":\"ListItem\",\"position\":2,\"name\":\"Coup de gueule : la fracture num\u00e9rique p\u00e9nalise les viticulteurs isol\u00e9s\"}]},{\"@type\":\"WebSite\",\"@id\":\"https:\/\/www.chaigne.fr\/blog\/#website\",\"url\":\"https:\/\/www.chaigne.fr\/blog\/\",\"name\":\"Br\u00e8ves de Ballan\",\"description\":\"Le blog vigneron de R\u00e9gis Chaigne\",\"publisher\":{\"@id\":\"https:\/\/www.chaigne.fr\/blog\/#organization\"},\"potentialAction\":[{\"@type\":\"SearchAction\",\"target\":{\"@type\":\"EntryPoint\",\"urlTemplate\":\"https:\/\/www.chaigne.fr\/blog\/?s={search_term_string}\"},\"query-input\":\"required name=search_term_string\"}],\"inLanguage\":\"fr-FR\"},{\"@type\":\"Organization\",\"@id\":\"https:\/\/www.chaigne.fr\/blog\/#organization\",\"name\":\"Br\u00e8ves de Ballan\",\"url\":\"https:\/\/www.chaigne.fr\/blog\/\",\"logo\":{\"@type\":\"ImageObject\",\"inLanguage\":\"fr-FR\",\"@id\":\"https:\/\/www.chaigne.fr\/blog\/#\/schema\/logo\/image\/\",\"url\":\"https:\/\/www.chaigne.fr\/blog\/blog\/wp-content\/uploads\/2024\/02\/LogoChaigneGrd.png\",\"contentUrl\":\"https:\/\/www.chaigne.fr\/blog\/blog\/wp-content\/uploads\/2024\/02\/LogoChaigneGrd.png\",\"width\":791,\"height\":373,\"caption\":\"Br\u00e8ves de Ballan\"},\"image\":{\"@id\":\"https:\/\/www.chaigne.fr\/blog\/#\/schema\/logo\/image\/\"},\"sameAs\":[\"https:\/\/www.facebook.com\/vignobles.chaigne\/\",\"https:\/\/twitter.com\/rchbx\"]},{\"@type\":\"Person\",\"@id\":\"https:\/\/www.chaigne.fr\/blog\/#\/schema\/person\/644bfb40d75f7236e7b5b6113b8fa91d\",\"name\":\"R\u00e9gis Chaigne\",\"image\":{\"@type\":\"ImageObject\",\"inLanguage\":\"fr-FR\",\"@id\":\"https:\/\/www.chaigne.fr\/blog\/#\/schema\/person\/image\/\",\"url\":\"https:\/\/secure.gravatar.com\/avatar\/0870596580f5a34be89b95b368e1a531?s=96&d=mm&r=g\",\"contentUrl\":\"https:\/\/secure.gravatar.com\/avatar\/0870596580f5a34be89b95b368e1a531?s=96&d=mm&r=g\",\"caption\":\"R\u00e9gis Chaigne\"},\"sameAs\":[\"http:\/\/www.chaigne.fr\"],\"url\":\"https:\/\/www.chaigne.fr\/blog\/author\/rchbx-viti\"}]}<\/script>\n<!-- \/ Yoast SEO Premium plugin. -->","yoast_head_json":{"title":"Coup de gueule : la fracture num\u00e9rique p\u00e9nalise les viticulteurs isol\u00e9s - Br\u00e8ves de Ballan","robots":{"index":"index","follow":"follow","max-snippet":"max-snippet:-1","max-image-preview":"max-image-preview:large","max-video-preview":"max-video-preview:-1"},"canonical":"https:\/\/www.chaigne.fr\/blog\/59-coup-de-gueule-la-fracture-numerique-penalise-les-viticulteurs-isoles","og_locale":"fr_FR","og_type":"article","og_title":"Coup de gueule : la fracture num\u00e9rique p\u00e9nalise les viticulteurs isol\u00e9s","og_description":"Vu sur un site officiel de la R\u00e9publique Fran\u00e7aise : \u00ab\u00a0Entrepreneurs, faites le choix de l&rsquo;\u00e9conomie num\u00e9rique\u00a0\u00bb Entrepreneurs, commer\u00e7ants et artisansL&rsquo;\u00e9conomie num\u00e9rique, votre alli\u00e9e face \u00e0 la concurrenceLe constat :Pour survivre et se d\u00e9velopper dans un environnement de plus en plus concurrentiel, les petites entreprises de services, les commer\u00e7ants et les artisans doivent chercher \u00e0 [&hellip;]","og_url":"https:\/\/www.chaigne.fr\/blog\/59-coup-de-gueule-la-fracture-numerique-penalise-les-viticulteurs-isoles","og_site_name":"Br\u00e8ves de Ballan","article_publisher":"https:\/\/www.facebook.com\/vignobles.chaigne\/","article_published_time":"2007-02-22T12:42:44+00:00","article_modified_time":"2009-08-31T12:49:46+00:00","author":"R\u00e9gis Chaigne","twitter_card":"summary_large_image","twitter_creator":"@rchbx","twitter_site":"@rchbx","twitter_misc":{"\u00c9crit par":"R\u00e9gis Chaigne","Dur\u00e9e de lecture estim\u00e9e":"2 minutes"},"schema":{"@context":"https:\/\/schema.org","@graph":[{"@type":"Article","@id":"https:\/\/www.chaigne.fr\/blog\/59-coup-de-gueule-la-fracture-numerique-penalise-les-viticulteurs-isoles#article","isPartOf":{"@id":"https:\/\/www.chaigne.fr\/blog\/59-coup-de-gueule-la-fracture-numerique-penalise-les-viticulteurs-isoles"},"author":{"name":"R\u00e9gis Chaigne","@id":"https:\/\/www.chaigne.fr\/blog\/#\/schema\/person\/644bfb40d75f7236e7b5b6113b8fa91d"},"headline":"Coup de gueule : la fracture num\u00e9rique p\u00e9nalise les viticulteurs isol\u00e9s","datePublished":"2007-02-22T12:42:44+00:00","dateModified":"2009-08-31T12:49:46+00:00","mainEntityOfPage":{"@id":"https:\/\/www.chaigne.fr\/blog\/59-coup-de-gueule-la-fracture-numerique-penalise-les-viticulteurs-isoles"},"wordCount":392,"commentCount":0,"publisher":{"@id":"https:\/\/www.chaigne.fr\/blog\/#organization"},"inLanguage":"fr-FR","potentialAction":[{"@type":"CommentAction","name":"Comment","target":["https:\/\/www.chaigne.fr\/blog\/59-coup-de-gueule-la-fracture-numerique-penalise-les-viticulteurs-isoles#respond"]}]},{"@type":"WebPage","@id":"https:\/\/www.chaigne.fr\/blog\/59-coup-de-gueule-la-fracture-numerique-penalise-les-viticulteurs-isoles","url":"https:\/\/www.chaigne.fr\/blog\/59-coup-de-gueule-la-fracture-numerique-penalise-les-viticulteurs-isoles","name":"Coup de gueule : la fracture num\u00e9rique p\u00e9nalise les viticulteurs isol\u00e9s - Br\u00e8ves de Ballan","isPartOf":{"@id":"https:\/\/www.chaigne.fr\/blog\/#website"},"datePublished":"2007-02-22T12:42:44+00:00","dateModified":"2009-08-31T12:49:46+00:00","breadcrumb":{"@id":"https:\/\/www.chaigne.fr\/blog\/59-coup-de-gueule-la-fracture-numerique-penalise-les-viticulteurs-isoles#breadcrumb"},"inLanguage":"fr-FR","potentialAction":[{"@type":"ReadAction","target":["https:\/\/www.chaigne.fr\/blog\/59-coup-de-gueule-la-fracture-numerique-penalise-les-viticulteurs-isoles"]}]},{"@type":"BreadcrumbList","@id":"https:\/\/www.chaigne.fr\/blog\/59-coup-de-gueule-la-fracture-numerique-penalise-les-viticulteurs-isoles#breadcrumb","itemListElement":[{"@type":"ListItem","position":1,"name":"Accueil","item":"https:\/\/www.chaigne.fr\/blog\/7-l-equipe-de-vignobles-chaigne-et-fils"},{"@type":"ListItem","position":2,"name":"Coup de gueule : la fracture num\u00e9rique p\u00e9nalise les viticulteurs isol\u00e9s"}]},{"@type":"WebSite","@id":"https:\/\/www.chaigne.fr\/blog\/#website","url":"https:\/\/www.chaigne.fr\/blog\/","name":"Br\u00e8ves de Ballan","description":"Le blog vigneron de R\u00e9gis Chaigne","publisher":{"@id":"https:\/\/www.chaigne.fr\/blog\/#organization"},"potentialAction":[{"@type":"SearchAction","target":{"@type":"EntryPoint","urlTemplate":"https:\/\/www.chaigne.fr\/blog\/?s={search_term_string}"},"query-input":"required name=search_term_string"}],"inLanguage":"fr-FR"},{"@type":"Organization","@id":"https:\/\/www.chaigne.fr\/blog\/#organization","name":"Br\u00e8ves de Ballan","url":"https:\/\/www.chaigne.fr\/blog\/","logo":{"@type":"ImageObject","inLanguage":"fr-FR","@id":"https:\/\/www.chaigne.fr\/blog\/#\/schema\/logo\/image\/","url":"https:\/\/www.chaigne.fr\/blog\/blog\/wp-content\/uploads\/2024\/02\/LogoChaigneGrd.png","contentUrl":"https:\/\/www.chaigne.fr\/blog\/blog\/wp-content\/uploads\/2024\/02\/LogoChaigneGrd.png","width":791,"height":373,"caption":"Br\u00e8ves de Ballan"},"image":{"@id":"https:\/\/www.chaigne.fr\/blog\/#\/schema\/logo\/image\/"},"sameAs":["https:\/\/www.facebook.com\/vignobles.chaigne\/","https:\/\/twitter.com\/rchbx"]},{"@type":"Person","@id":"https:\/\/www.chaigne.fr\/blog\/#\/schema\/person\/644bfb40d75f7236e7b5b6113b8fa91d","name":"R\u00e9gis Chaigne","image":{"@type":"ImageObject","inLanguage":"fr-FR","@id":"https:\/\/www.chaigne.fr\/blog\/#\/schema\/person\/image\/","url":"https:\/\/secure.gravatar.com\/avatar\/0870596580f5a34be89b95b368e1a531?s=96&d=mm&r=g","contentUrl":"https:\/\/secure.gravatar.com\/avatar\/0870596580f5a34be89b95b368e1a531?s=96&d=mm&r=g","caption":"R\u00e9gis Chaigne"},"sameAs":["http:\/\/www.chaigne.fr"],"url":"https:\/\/www.chaigne.fr\/blog\/author\/rchbx-viti"}]}},"_links":{"self":[{"href":"https:\/\/www.chaigne.fr\/blog\/wp-json\/wp\/v2\/posts\/59"}],"collection":[{"href":"https:\/\/www.chaigne.fr\/blog\/wp-json\/wp\/v2\/posts"}],"about":[{"href":"https:\/\/www.chaigne.fr\/blog\/wp-json\/wp\/v2\/types\/post"}],"author":[{"embeddable":true,"href":"https:\/\/www.chaigne.fr\/blog\/wp-json\/wp\/v2\/users\/28"}],"replies":[{"embeddable":true,"href":"https:\/\/www.chaigne.fr\/blog\/wp-json\/wp\/v2\/comments?post=59"}],"version-history":[{"count":1,"href":"https:\/\/www.chaigne.fr\/blog\/wp-json\/wp\/v2\/posts\/59\/revisions"}],"predecessor-version":[{"id":60,"href":"https:\/\/www.chaigne.fr\/blog\/wp-json\/wp\/v2\/posts\/59\/revisions\/60"}],"wp:attachment":[{"href":"https:\/\/www.chaigne.fr\/blog\/wp-json\/wp\/v2\/media?parent=59"}],"wp:term":[{"taxonomy":"category","embeddable":true,"href":"https:\/\/www.chaigne.fr\/blog\/wp-json\/wp\/v2\/categories?post=59"},{"taxonomy":"post_tag","embeddable":true,"href":"https:\/\/www.chaigne.fr\/blog\/wp-json\/wp\/v2\/tags?post=59"}],"curies":[{"name":"wp","href":"https:\/\/api.w.org\/{rel}","templated":true}]}}